{"id":184,"count":1,"description":"<\/a>","link":"http:\/\/217.199.187.72\/absar.com\/paul\/category\/avropa-oyunlarinda-eziklik-alan-azerbaycan-karatecisinin-axir-durumu-aciqlanib-yeni%cc%87leni%cc%87b-sehife-21-milliinfo-az-131\/","name":"Avropa Oyunlar\u0131nda \u0259ziklik Alan Az\u0259rbaycan Karate\u00e7isinin Axir Durumu A\u00e7\u0131qlan\u0131b Yeni\u0307l\u0259ni\u0307b \u00bb S\u0259hif\u0259 21 \u00bb Milliinfo Az - 542","slug":"avropa-oyunlarinda-eziklik-alan-azerbaycan-karatecisinin-axir-durumu-aciqlanib-yeni%cc%87leni%cc%87b-sehife-21-milliinfo-az-131","taxonomy":"category","parent":0,"meta":[],"_links":{"self":[{"href":"http:\/\/217.199.187.72\/absar.com\/paul\/wp-json\/wp\/v2\/categories\/184"}],"collection":[{"href":"http:\/\/217.199.187.72\/absar.com\/paul\/wp-json\/wp\/v2\/categories"}],"about":[{"href":"http:\/\/217.199.187.72\/absar.com\/paul\/wp-json\/wp\/v2\/taxonomies\/category"}],"wp:post_type":[{"href":"http:\/\/217.199.187.72\/absar.com\/paul\/wp-json\/wp\/v2\/posts?categories=184"}],"curies":[{"name":"wp","href":"https:\/\/api.w.org\/{rel}","templated":true}]}}